{"id":7223,"date":"2023-07-27T14:20:24","date_gmt":"2023-07-27T11:20:24","guid":{"rendered":"https:\/\/karartmarble.com\/mermer-sektorune-farkli-jeolojik-bir-bakis\/"},"modified":"2023-10-21T23:33:34","modified_gmt":"2023-10-21T20:33:34","slug":"mermer-sektorune-farkli-bir-jeolojik-bakis-acisi","status":"publish","type":"post","link":"https:\/\/www.karartmarble.com\/tr\/mermer-sektorune-farkli-bir-jeolojik-bakis-acisi\/","title":{"rendered":"Mermer Sekt\u00f6r\u00fcne Farkl\u0131 Bir Jeolojik Bak\u0131\u015f A\u00e7\u0131s\u0131"},"content":{"rendered":"\t\t<div data-elementor-type=\"wp-post\" data-elementor-id=\"7223\" class=\"elementor elementor-7223 elementor-4560\" data-elementor-post-type=\"post\">\n\t\t\t\t\t\t<section class=\"elementor-section elementor-top-section elementor-element elementor-element-11ed91 elementor-section-boxed elementor-section-height-default elementor-section-height-default\" data-id=\"11ed91\" data-element_type=\"section\" data-e-type=\"section\">\n\t\t\t\t\t\t<div class=\"elementor-container elementor-column-gap-no\">\n\t\t\t\t\t<div class=\"elementor-column elementor-col-100 elementor-top-column elementor-element elementor-element-3994da99\" data-id=\"3994da99\" data-element_type=\"column\" data-e-type=\"column\">\n\t\t\t<div class=\"elementor-widget-wrap elementor-element-populated\">\n\t\t\t\t\t\t<div class=\"elementor-element elementor-element-1702dcab elementor-widget elementor-widget-text-editor\" data-id=\"1702dcab\" data-element_type=\"widget\" data-e-type=\"widget\" data-widget_type=\"text-editor.default\">\n\t\t\t\t<div class=\"elementor-widget-container\">\n\t\t\t\t\t\t\t\t\t<p>Mermer, do\u011fal ta\u015f end\u00fcstrisinin en \u00f6nemli \u00fcr\u00fcnlerinden biridir. Estetik, dayan\u0131kl\u0131 ve \u00e7e\u015fitli renk ve desenlere sahip olan mermer, in\u015faat, dekorasyon, heykel ve sanatta yayg\u0131n olarak kullan\u0131lmaktad\u0131r. Mermer \u00fcretimi ve ticareti k\u00fcresel ekonomi i\u00e7in de b\u00fcy\u00fck \u00f6nem ta\u015f\u0131maktad\u0131r. T\u00fcrkiye mermer sekt\u00f6r\u00fcnde d\u00fcnyan\u0131n \u00f6nde gelen \u00fclkelerinden biridir. Son y\u0131llarda gerek k\u00fcresel gerekse ulusal \u00f6l\u00e7ekte ve ekonomik anlamda sekt\u00f6re hizmet eden bilimsel \u00e7al\u0131\u015fmalar de\u011ferlendirildi\u011finde daha \u00e7ok rezerv, blok verimlili\u011fi, hammaddenin fiziksel ve mekanik parametreleri gibi madencilik ve m\u00fchendislik temelli ara\u015ft\u0131rmalara odaklan\u0131ld\u0131\u011f\u0131 g\u00f6r\u00fclmektedir. Ancak asl\u0131nda sekt\u00f6r\u00fcn bug\u00fcn yeni konseptler \u0131\u015f\u0131\u011f\u0131nda k\u00fcresel \u00f6l\u00e7ekte geni\u015flemesinin en b\u00fcy\u00fck nedeni son y\u0131llarda son kullan\u0131c\u0131 m\u00fc\u015fteri profillerinde ya\u015fanan b\u00fcy\u00fck de\u011fi\u015fimdir. Bug\u00fcn hepimizin bildi\u011fi gibi ulusal ve uluslararas\u0131 bir\u00e7ok firman\u0131n bu yeni y\u00fcksek profilli potansiyel m\u00fc\u015fteri portf\u00f6y\u00fcne ula\u015fabilmek i\u00e7in \u00fcr\u00fcnlerini &#8220;do\u011fa&#8221; ve &#8220;sanat&#8221; gibi kavramlarla birle\u015ftirerek bir pazarlama stratejisi geli\u015ftirdikleri a\u015fik\u00e2r.<br \/>Peki, bu yeni talepteki gizli ve asli unsurlar\u0131n ana kayna\u011f\u0131n\u0131 olu\u015fturan en \u00f6nemli fakt\u00f6r nedir ve gelecekte sekt\u00f6r\u00fc nas\u0131l \u015fekillendirecektir? Asl\u0131nda bu fakt\u00f6r talep edilen yeni \u00fcr\u00fcnlerin Jeolojisi ile do\u011frudan ili\u015fkilidir. San\u0131lan\u0131n aksine Jeoloji, sekt\u00f6r\u00fcn bu yeni dinamikleri \u0131\u015f\u0131\u011f\u0131nda talep edilen\/edilecek \u00fcr\u00fcnlerin sadece ke\u015fif, bulunma ve \u00e7\u0131kar\u0131lma a\u015famalar\u0131nda de\u011fil, ayn\u0131 zamanda yeni entelekt\u00fcel tip m\u00fc\u015fteri potansiyeli a\u00e7\u0131s\u0131ndan bu yeni \u00fcr\u00fcnlerin pazarlama stratejileri a\u015famalar\u0131ndaki s\u00fcre\u00e7lerin kontrol edilmesindeki rol\u00fcnde de kullan\u0131lmaktad\u0131r.<\/p>\t\t\t\t\t\t\t\t<\/div>\n\t\t\t\t<\/div>\n\t\t\t\t\t<\/div>\n\t\t<\/div>\n\t\t\t\t\t<\/div>\n\t\t<\/section>\n\t\t\t\t<section class=\"elementor-section elementor-top-section elementor-element elementor-element-9d6ca07 elementor-section-boxed elementor-section-height-default elementor-section-height-default\" data-id=\"9d6ca07\" data-element_type=\"section\" data-e-type=\"section\">\n\t\t\t\t\t\t<div class=\"elementor-container elementor-column-gap-no\">\n\t\t\t\t\t<div class=\"elementor-column elementor-col-100 elementor-top-column elementor-element elementor-element-0871c1a\" data-id=\"0871c1a\" data-element_type=\"column\" data-e-type=\"column\">\n\t\t\t<div class=\"elementor-widget-wrap elementor-element-populated\">\n\t\t\t\t\t\t<div class=\"elementor-element elementor-element-5a8eeb9 elementor-widget elementor-widget-text-editor\" data-id=\"5a8eeb9\" data-element_type=\"widget\" data-e-type=\"widget\" data-widget_type=\"text-editor.default\">\n\t\t\t\t<div class=\"elementor-widget-container\">\n\t\t\t\t\t\t\t\t\t<p>Daha \u00e7ok g\u00f6rselli\u011fe ya da se\u00e7kinli\u011fe odaklanan g\u00fcn\u00fcm\u00fcz d\u00fcnyas\u0131nda ta\u015f, estetik a\u00e7\u0131dan \u00f6ne \u00e7\u0131kan tasar\u0131m \u00fcr\u00fcnlerinin hammaddesi haline gelmi\u015f en temel unsurlardan biridir. Farkl\u0131l\u0131k ve se\u00e7kinlik i\u00e7eren estetik bak\u0131\u015f a\u00e7\u0131s\u0131, avc\u0131 toplay\u0131c\u0131 d\u00f6nemde ta\u015flar\u0131n i\u015flenerek y\u00fcksek kalitede kap kacak, s\u00fcs e\u015fyas\u0131 ve farkl\u0131 objelerde farkl\u0131 tarz ve motiflerde \/ s\u00fcslemelerde kendini olduk\u00e7a net g\u00f6steren bir olgudur.<br \/>\u0130\u015faret etmek istedi\u011fimiz yeni konsepti, k\u00fcresel pazarda sunulan ve iyi bilinen nadir ta\u015flardan baz\u0131lar\u0131n\u0131 \u00f6ne \u00e7\u0131kararak, ancak bilinmeyen \u00f6zelliklerini vurgulayarak detayland\u0131ral\u0131m. Brezilya&#8217;dan gelen ve piyasada en \u00e7ok Azul Bahia olarak bilinen mavi renkli ta\u015f\u0131n farkl\u0131 se\u00e7imleri uluslararas\u0131 arenada iyi bilinmektedir. Stratiform\/ katmanl\u0131 ve milonitik\/ s\u00fcngerimsi deforme tip Blue Macauba olarak adland\u0131r\u0131l\u0131rken, porfirik\/ orta kristalli ve holokristalin dokulu tip Bluet Bahia olarak biliniyor. Asl\u0131nda bu ta\u015flar\u0131n \u00e7\u0131kar\u0131ld\u0131\u011f\u0131 yerler co\u011frafi olarak birbirine \u00e7ok yak\u0131n olsa da, bu iki farkl\u0131 kaya\u00e7 t\u00fcr\u00fcn\u00fcn litolojileri, olu\u015fum ortamlar\u0131, paleoco\u011frafik konumlar\u0131, kronolojik geli\u015fimleri, asl\u0131nda t\u00fcm jeolojik hikayeleri birbirinden tamamen farkl\u0131d\u0131r. Mavi Bahia litolojik olarak sodalitli bir siyenittir ve aslen pl\u00fctonik bir magmatik kaya\u00e7t\u0131r. Blue Macauba ise esas olarak lazulit, dumortierit ve kyanit i\u00e7eren bir kuartzarenittir. Blue Macauba, yakla\u015f\u0131k 1,3 milyar y\u0131l \u00f6nce birle\u015fmeye ba\u015flayan Rodinian s\u00fcperk\u0131tas\u0131ndan ayr\u0131lan S\u00e3o Francisco Kratonu i\u00e7inde geli\u015fen bir riftle\u015fme s\u00fcrecinde pasif bir k\u0131ta kenar\u0131n\u0131n yamac\u0131nda yakla\u015f\u0131k 1 milyar ya\u015f\u0131nda tortul bir ortamda olu\u015fmu\u015ftur. \u00d6te yandan Mavi Bahia, yakla\u015f\u0131k 730 milyon y\u0131l \u00f6nce Ara\u00e7uai Ku\u015fa\u011f\u0131&#8217;ndaki Azul Kompleksi&#8217;nde anorojenik bir ortamda, yakla\u015f\u0131k 8 km gibi nispeten s\u0131\u011f bir derinlikte kristalle\u015fmeye ba\u015flayan daha \u00e7ok manto k\u00f6kenli alkali bir magmadan t\u00fcremi\u015f pl\u00fctonik bir kayad\u0131r. Okuyucular olarak kendi kendinize, t\u00fcm bunlar da ne b\u00f6yle, kula\u011fa \u00e7ok bilimsel geliyor dedi\u011finizi duyar gibiyiz. Size biraz sab\u0131r diliyoruz&#8230;<\/p>\t\t\t\t\t\t\t\t<\/div>\n\t\t\t\t<\/div>\n\t\t\t\t\t<\/div>\n\t\t<\/div>\n\t\t\t\t\t<\/div>\n\t\t<\/section>\n\t\t\t\t<section class=\"elementor-section elementor-top-section elementor-element elementor-element-eb327d4 elementor-section-boxed elementor-section-height-default elementor-section-height-default\" data-id=\"eb327d4\" data-element_type=\"section\" data-e-type=\"section\">\n\t\t\t\t\t\t<div class=\"elementor-container elementor-column-gap-no\">\n\t\t\t\t\t<div class=\"elementor-column elementor-col-100 elementor-top-column elementor-element elementor-element-5b8f76e\" data-id=\"5b8f76e\" data-element_type=\"column\" data-e-type=\"column\">\n\t\t\t<div class=\"elementor-widget-wrap elementor-element-populated\">\n\t\t\t\t\t\t<div class=\"elementor-element elementor-element-014b076 elementor-widget elementor-widget-text-editor\" data-id=\"014b076\" data-element_type=\"widget\" data-e-type=\"widget\" data-widget_type=\"text-editor.default\">\n\t\t\t\t<div class=\"elementor-widget-container\">\n\t\t\t\t\t\t\t\t\t<p>Bir di\u011fer \u00f6rnek ise yerel olarak Thala Noire\/Black olarak bilinen ve \u00fclkemizde Bronze Imperial veya Bronze Fantasy gibi farkl\u0131 piyasa isimleriyle \u00f6n plana \u00e7\u0131kan Tunus ta\u015f\u0131d\u0131r. Bilindi\u011fi \u00fczere siyah renkli \u00f6rnekler piyasada olduk\u00e7a yayg\u0131nd\u0131r. Ancak &#8220;Thala Noire&#8221; g\u00f6rselli\u011fi a\u00e7\u0131s\u0131ndan neredeyse t\u00fcm siyah renkli tortul ta\u015flardan net bir \u015fekilde ayr\u0131l\u0131yor. Thala Noire. jeolojik olarak Tunus&#8217;un do\u011fusunda yer alan Jebel Boulahneche Masifi&#8217;nin \u00fcst Albiyen ya\u015fl\u0131 Fahd\u00e8ne Formasyonu&#8217;nun alt k\u0131s\u0131mlar\u0131ndaki siyah marn ve kire\u00e7ta\u015f\u0131 dizilerinden t\u00fcremi\u015ftir. Bu birim Gondwana K\u0131tas\u0131&#8217;n\u0131n en kuzey ucundad\u0131r. Yakla\u015f\u0131k 167 milyon y\u0131l \u00f6nce Neotethys Okyanusu&#8217;nun g\u00fcneybat\u0131 kenar\u0131nda a\u00e7\u0131lmaya ba\u015flayan Mesogea Denizi&#8217;nin g\u00fcney kenar\u0131ndaki orta derecede e\u011fimli s\u0131\u011f denizel \u00f6z b\u00f6l\u00fcm ile Kasserine Karbonat Platformu&#8217;nun hemipelajik alan\u0131 aras\u0131nda yakla\u015f\u0131k 102 milyon y\u0131l \u00f6nce \u00e7\u00f6kelme ile olu\u015fmu\u015ftur. \u0130kincil s\u00fctl\u00fc kahve renkli ve dentritik dokulu ankerit damarlar\u0131 bu kayac\u0131 benzer \u00f6rneklerden g\u00f6rsel olarak ay\u0131r\u0131r. Ankerit kalsiyuma ek olarak demir, magnezyum ve manganez i\u00e7erir. Sedimanlarda, genellikle erken diyajenez s\u0131ras\u0131nda, \u00f6zellikle bile\u015fimsel ve termal olarak farkl\u0131 yeralt\u0131 s\u0131v\u0131lar\u0131n\u0131n ve d\u00fc\u015f\u00fck dereceli hidrotermal s\u00fcre\u00e7lerin etkile\u015fimi yoluyla kaya\u00e7 i\u00e7indeki bo\u015fluklarda geli\u015fir. \u00d6te yandan, Thala Noire&#8217;\u0131n antik d\u00f6nemde Roma ve Yunanistan&#8217;da kullan\u0131lan Neri Antichi adl\u0131 nadir bir mermer oldu\u011funa dair kan\u0131tlar olmas\u0131na ra\u011fmen, e\u015fsiz Elektron Paramanyetik Rezonans Spektrumu piyasada bilinen di\u011fer t\u00fcm siyah renkli ta\u015flardan belirgin bir \u015fekilde farkl\u0131d\u0131r.<\/p>\t\t\t\t\t\t\t\t<\/div>\n\t\t\t\t<\/div>\n\t\t\t\t\t<\/div>\n\t\t<\/div>\n\t\t\t\t\t<\/div>\n\t\t<\/section>\n\t\t\t\t<section class=\"elementor-section elementor-top-section elementor-element elementor-element-c9145b3 elementor-section-boxed elementor-section-height-default elementor-section-height-default\" data-id=\"c9145b3\" data-element_type=\"section\" data-e-type=\"section\">\n\t\t\t\t\t\t<div class=\"elementor-container elementor-column-gap-no\">\n\t\t\t\t\t<div class=\"elementor-column elementor-col-100 elementor-top-column elementor-element elementor-element-7f9d614\" data-id=\"7f9d614\" data-element_type=\"column\" data-e-type=\"column\">\n\t\t\t<div class=\"elementor-widget-wrap elementor-element-populated\">\n\t\t\t\t\t\t<div class=\"elementor-element elementor-element-c2e41ce elementor-widget elementor-widget-text-editor\" data-id=\"c2e41ce\" data-element_type=\"widget\" data-e-type=\"widget\" data-widget_type=\"text-editor.default\">\n\t\t\t\t<div class=\"elementor-widget-container\">\n\t\t\t\t\t\t\t\t\t<p>Kaynak\u00e7a : Stoneworld May\/June 23, Do\u00e7. Dr. \u00d6kmen S\u00fcmer, Cansu Ko\u00e7ak.<\/p>\t\t\t\t\t\t\t\t<\/div>\n\t\t\t\t<\/div>\n\t\t\t\t\t<\/div>\n\t\t<\/div>\n\t\t\t\t\t<\/div>\n\t\t<\/section>\n\t\t\t\t<\/div>\n\t\t","protected":false},"excerpt":{"rendered":"<p>Mermer, do\u011fal ta\u015f end\u00fcstrisinin en \u00f6nemli \u00fcr\u00fcnlerinden biridir. Estetik, dayan\u0131kl\u0131 ve&#8230;<\/p>\n","protected":false},"author":10,"featured_media":6493,"comment_status":"open","ping_status":"open","sticky":false,"template":"","format":"standard","meta":{"inline_featured_image":false,"footnotes":""},"categories":[32],"tags":[],"class_list":["post-7223","post","type-post","status-publish","format-standard","has-post-thumbnail","hentry","category-karartmarble"],"_links":{"self":[{"href":"https:\/\/www.karartmarble.com\/tr\/wp-json\/wp\/v2\/posts\/7223","targetHints":{"allow":["GET"]}}],"collection":[{"href":"https:\/\/www.karartmarble.com\/tr\/wp-json\/wp\/v2\/posts"}],"about":[{"href":"https:\/\/www.karartmarble.com\/tr\/wp-json\/wp\/v2\/types\/post"}],"author":[{"embeddable":true,"href":"https:\/\/www.karartmarble.com\/tr\/wp-json\/wp\/v2\/users\/10"}],"replies":[{"embeddable":true,"href":"https:\/\/www.karartmarble.com\/tr\/wp-json\/wp\/v2\/comments?post=7223"}],"version-history":[{"count":0,"href":"https:\/\/www.karartmarble.com\/tr\/wp-json\/wp\/v2\/posts\/7223\/revisions"}],"wp:featuredmedia":[{"embeddable":true,"href":"https:\/\/www.karartmarble.com\/tr\/wp-json\/wp\/v2\/media\/6493"}],"wp:attachment":[{"href":"https:\/\/www.karartmarble.com\/tr\/wp-json\/wp\/v2\/media?parent=7223"}],"wp:term":[{"taxonomy":"category","embeddable":true,"href":"https:\/\/www.karartmarble.com\/tr\/wp-json\/wp\/v2\/categories?post=7223"},{"taxonomy":"post_tag","embeddable":true,"href":"https:\/\/www.karartmarble.com\/tr\/wp-json\/wp\/v2\/tags?post=7223"}],"curies":[{"name":"wp","href":"https:\/\/api.w.org\/{rel}","templated":true}]}}